{"id":7160,"date":"2023-09-29T09:39:10","date_gmt":"2023-09-29T09:39:10","guid":{"rendered":"https:\/\/procjenitelji.me\/gostovanje-predsjednika-uo-na-jutarnjem-programu-tv-niksic\/"},"modified":"2024-07-09T07:12:26","modified_gmt":"2024-07-09T07:12:26","slug":"%d0%b2%d1%8b%d1%81%d1%82%d1%83%d0%bf%d0%bb%d0%b5%d0%bd%d0%b8%d0%b5-%d0%bf%d1%80%d0%b5%d0%b4%d1%81%d0%b5%d0%b4%d0%b0%d1%82%d0%b5%d0%bb%d1%8f-%d1%83%d0%bf%d1%80%d0%b0%d0%b2%d0%bd%d0%be%d0%b3%d0%be","status":"publish","type":"post","link":"https:\/\/procjenitelji.me\/tr\/%d0%b2%d1%8b%d1%81%d1%82%d1%83%d0%bf%d0%bb%d0%b5%d0%bd%d0%b8%d0%b5-%d0%bf%d1%80%d0%b5%d0%b4%d1%81%d0%b5%d0%b4%d0%b0%d1%82%d0%b5%d0%bb%d1%8f-%d1%83%d0%bf%d1%80%d0%b0%d0%b2%d0%bd%d0%be%d0%b3%d0%be\/","title":{"rendered":"Gostovanje predsjednika UO na jutarnjem programu  TV Nik\u0161i\u0107"},"content":{"rendered":"<section class=\"wpb-content-wrapper\"><p>[vc_row][vc_column][vc_column_text]<strong>Prof. dr Slavko Rako\u010devi\u0107,<\/strong> Predsjednik Upravnog odbora Komore procjenitelja i sudskih vje\u0161taka Crne Gore (KPSVCG), dana 25.09.2023. godine gostovao je\u00a0 na jutarnjem programu RTV Nik\u0161i\u0107.<\/p>\n<p>Teme o kojima se govorilo su:<\/p>\n<ul>\n<li>Aktivnosti Komore procjenitelja i sudskih vje\u0161taka Crne Gore na edukaciji i sertifikaciji procjenitelja materijalne i nematerijalne imovine,<\/li>\n<li>Prevod IVSC me\u0111unarodnih standarda procjene,<\/li>\n<li>Kontinuirana edukacije \u010dlanstva,<\/li>\n<li>Saradnja sa drugim profesionalnim organizacijama i institucijama,<\/li>\n<li>Planovi za budu\u0107e aktivnosti na\u0161eg udru\u017eenja.<\/li>\n<\/ul>\n<p>[\/vc_column_text][vc_empty_space][vc_empty_space][\/vc_column][\/vc_row][vc_row][vc_column][vc_video link=&#8221;https:\/\/youtu.be\/kigwt7_25_8?si=d3SB8Mu2tCoM0q4G&#8221; align=&#8221;center&#8221;][\/vc_column][\/vc_row][vc_row][vc_column][vc_empty_space][vc_empty_space][\/vc_column][\/vc_row]<\/p>\n<\/section>","protected":false},"excerpt":{"rendered":"<p>[vc_row][vc_column][vc_column_text]Prof. dr Slavko Rako\u010devi\u0107, Predsjednik Upravnog odbora Komore procjenitelja i sudskih vje\u0161taka Crne Gore (KPSVCG), dana 25.09.2023. godine gostovao je\u00a0 na jutarnjem programu RTV Nik\u0161i\u0107. Teme o kojima se govorilo su: Aktivnosti Komore procjenitelja i sudskih vje\u0161taka Crne Gore na edukaciji i sertifikaciji procjenitelja materijalne i nematerijalne imovine, Prevod IVSC me\u0111unarodnih standarda procjene, Kontinuirana edukacije&hellip;<\/p>\n","protected":false},"author":11,"featured_media":7054,"comment_status":"closed","ping_status":"closed","sticky":false,"template":"","format":"standard","meta":[],"categories":[76],"tags":[],"_links":{"self":[{"href":"https:\/\/procjenitelji.me\/tr\/wp-json\/wp\/v2\/posts\/7160"}],"collection":[{"href":"https:\/\/procjenitelji.me\/tr\/wp-json\/wp\/v2\/posts"}],"about":[{"href":"https:\/\/procjenitelji.me\/tr\/wp-json\/wp\/v2\/types\/post"}],"author":[{"embeddable":true,"href":"https:\/\/procjenitelji.me\/tr\/wp-json\/wp\/v2\/users\/11"}],"replies":[{"embeddable":true,"href":"https:\/\/procjenitelji.me\/tr\/wp-json\/wp\/v2\/comments?post=7160"}],"version-history":[{"count":4,"href":"https:\/\/procjenitelji.me\/tr\/wp-json\/wp\/v2\/posts\/7160\/revisions"}],"predecessor-version":[{"id":7933,"href":"https:\/\/procjenitelji.me\/tr\/wp-json\/wp\/v2\/posts\/7160\/revisions\/7933"}],"wp:featuredmedia":[{"embeddable":true,"href":"https:\/\/procjenitelji.me\/tr\/wp-json\/wp\/v2\/media\/7054"}],"wp:attachment":[{"href":"https:\/\/procjenitelji.me\/tr\/wp-json\/wp\/v2\/media?parent=7160"}],"wp:term":[{"taxonomy":"category","embeddable":true,"href":"https:\/\/procjenitelji.me\/tr\/wp-json\/wp\/v2\/categories?post=7160"},{"taxonomy":"post_tag","embeddable":true,"href":"https:\/\/procjenitelji.me\/tr\/wp-json\/wp\/v2\/tags?post=7160"}],"curies":[{"name":"wp","href":"https:\/\/api.w.org\/{rel}","templated":true}]}}