{"id":7173,"date":"2023-01-24T12:49:58","date_gmt":"2023-01-24T12:49:58","guid":{"rendered":"https:\/\/procjenitelji.me\/novi-pravilnik-o-metodologiji-za-procjenu-vrijednosti-imovine\/"},"modified":"2025-04-07T11:20:09","modified_gmt":"2025-04-07T11:20:09","slug":"novi-pravilnik-o-metodologiji-za-procjenu-vrijednosti-imovine","status":"publish","type":"post","link":"https:\/\/procjenitelji.me\/tr\/novi-pravilnik-o-metodologiji-za-procjenu-vrijednosti-imovine\/","title":{"rendered":"Yeni Mal Varl\u0131\u011f\u0131 De\u011ferleme Y\u00f6ntemolojisi Y\u00f6netmeli\u011fi"},"content":{"rendered":"<p class=\"\" data-start=\"35\" data-end=\"179\">Karada\u011f Maliye Bakanl\u0131\u011f\u0131, 26. madde, 3. f\u0131kra, Muhasebe Kanunu (\u201cKarada\u011f Resmi Gazetesi\u201d, say\u0131 145\/21) uyar\u0131nca a\u015fa\u011f\u0131daki d\u00fczenlemeyi yapm\u0131\u015ft\u0131r:<\/p>\n<p class=\"\" style=\"text-align: center;\" data-start=\"181\" data-end=\"289\"><a href=\"https:\/\/procjenitelji.me\/wp-content\/uploads\/2023\/01\/Pravilnik-o-Metodologiji-za-procjenu-vrijednosti-imovine.pdf\" target=\"_blank\" rel=\"noopener\"><strong>MAL\u0130K\u0130YET DE\u011eER\u0130 TAHM\u0130N\u0130 Y\u00d6NTEMOLOJ\u0130S\u0130 Y\u00d6NETMEL\u0130\u011e\u0130<\/strong><\/a><br data-start=\"235\" data-end=\"238\" \/>(\u201cKarada\u011f Resmi Gazetesi\u201d, say\u0131 126\/22, 18.11.2022)<\/p>\n<p class=\"\" data-start=\"291\" data-end=\"657\">Bu y\u00f6netmelik, mal varl\u0131\u011f\u0131n\u0131n de\u011ferleme y\u00f6ntemolojisini belirler. Bu y\u00f6netmeli\u011fin y\u00fcr\u00fcrl\u00fc\u011fe girmesiyle birlikte, daha \u00f6nce yay\u0131mlanan <strong data-start=\"425\" data-end=\"478\">Malikiyet De\u011feri Tahmin Y\u00f6ntemolojisi Y\u00f6netmeli\u011fi<\/strong> (\u201cKarada\u011f Resmi Gazetesi\u201d, say\u0131 64\/18) ge\u00e7erlili\u011fini yitirir. Bu y\u00f6netmelik, <strong data-start=\"556\" data-end=\"582\">Karada\u011f Resmi Gazetesi<\/strong>&#8216;nde yay\u0131mland\u0131\u011f\u0131 tarihten itibaren sekizinci g\u00fcn\u00fcnde y\u00fcr\u00fcrl\u00fc\u011fe girecektir.<\/p>\n<p class=\"\" data-start=\"659\" data-end=\"707\">Bu y\u00f6netmelik, a\u015fa\u011f\u0131daki konular\u0131 kapsamaktad\u0131r:<\/p>\n<ul data-start=\"709\" data-end=\"1244\">\n<li class=\"\" data-start=\"709\" data-end=\"778\">\n<p class=\"\" data-start=\"711\" data-end=\"778\"><strong data-start=\"711\" data-end=\"778\">MAL\u0130K\u0130YET VE\/VEYA SERMAYE DE\u011eERLEME RAPORUNUN ZORUNLU UNSURLARI<\/strong><\/p>\n<\/li>\n<li class=\"\" data-start=\"779\" data-end=\"815\">\n<p class=\"\" data-start=\"781\" data-end=\"815\"><strong data-start=\"781\" data-end=\"815\">DE\u011eER\u0130N TANIMI VE \u00d6N H\u00dcK\u00dcMLER\u0130<\/strong><\/p>\n<\/li>\n<li class=\"\" data-start=\"816\" data-end=\"915\">\n<p class=\"\" data-start=\"818\" data-end=\"915\"><strong data-start=\"818\" data-end=\"915\">DE\u011eERLEME Y\u00d6NTEMLER\u0130NE GENEL KABUL G\u00d6R\u00dcNM\u00dc\u015e YAKLA\u015eIMLAR, DE\u011eERLEME KONUSU VE DE\u011eERLEME RAPORU<\/strong><\/p>\n<\/li>\n<li class=\"\" data-start=\"916\" data-end=\"983\">\n<p class=\"\" data-start=\"918\" data-end=\"983\"><strong data-start=\"918\" data-end=\"983\">DE\u011eERLEME KONUSUNA G\u00d6RE BEL\u0130RLENEN Y\u00d6NTEMOLOJ\u0130 G\u00d6ZDEN GE\u00c7\u0130RME<\/strong><\/p>\n<\/li>\n<li class=\"\" data-start=\"984\" data-end=\"1049\">\n<p class=\"\" data-start=\"986\" data-end=\"1049\"><strong data-start=\"986\" data-end=\"1049\">TA\u015eINMAZ MALI DE\u011eERLEME Y\u00d6NTEMOLOJ\u0130S\u0130N\u0130N G\u00d6ZDEN GE\u00c7\u0130R\u0130LMES\u0130<\/strong><\/p>\n<\/li>\n<li class=\"\" data-start=\"1050\" data-end=\"1109\">\n<p class=\"\" data-start=\"1052\" data-end=\"1109\"><strong data-start=\"1052\" data-end=\"1109\">SERMAYE DE\u011eERLEME Y\u00d6NTEMOLOJ\u0130S\u0130N\u0130N G\u00d6ZDEN GE\u00c7\u0130R\u0130LMES\u0130<\/strong><\/p>\n<\/li>\n<li class=\"\" data-start=\"1110\" data-end=\"1183\">\n<p class=\"\" data-start=\"1112\" data-end=\"1183\"><strong data-start=\"1112\" data-end=\"1183\">\u00d6ZEL AMA\u00c7LAR \u0130\u00c7\u0130N DE\u011eERLEME Y\u00d6NTEMOLOJ\u0130S\u0130NE Y\u00d6NEL\u0130K \u00d6ZEL Y\u00d6NERGELER<\/strong><\/p>\n<\/li>\n<li class=\"\" data-start=\"1184\" data-end=\"1244\">\n<p class=\"\" data-start=\"1186\" data-end=\"1244\"><strong data-start=\"1186\" data-end=\"1244\">DE\u011eERLEME Y\u00d6NTEMOLOJ\u0130S\u0130N\u0130N TABLO \u015eEKL\u0130NDE G\u00d6STER\u0130LMES\u0130<\/strong><\/p>\n<\/li>\n<\/ul>\n","protected":false},"excerpt":{"rendered":"<p>Karada\u011f Maliye Bakanl\u0131\u011f\u0131, 26. madde, 3. f\u0131kra, Muhasebe Kanunu (\u201cKarada\u011f Resmi Gazetesi\u201d, say\u0131 145\/21) uyar\u0131nca a\u015fa\u011f\u0131daki d\u00fczenlemeyi yapm\u0131\u015ft\u0131r: MAL\u0130K\u0130YET DE\u011eER\u0130 TAHM\u0130N\u0130 Y\u00d6NTEMOLOJ\u0130S\u0130 Y\u00d6NETMEL\u0130\u011e\u0130(\u201cKarada\u011f Resmi Gazetesi\u201d, say\u0131 126\/22, 18.11.2022) Bu y\u00f6netmelik, mal varl\u0131\u011f\u0131n\u0131n de\u011ferleme y\u00f6ntemolojisini belirler. Bu y\u00f6netmeli\u011fin y\u00fcr\u00fcrl\u00fc\u011fe girmesiyle birlikte, daha \u00f6nce yay\u0131mlanan Malikiyet De\u011feri Tahmin Y\u00f6ntemolojisi Y\u00f6netmeli\u011fi (\u201cKarada\u011f Resmi Gazetesi\u201d, say\u0131 64\/18) ge\u00e7erlili\u011fini yitirir.&hellip;<\/p>\n","protected":false},"author":7,"featured_media":7016,"comment_status":"closed","ping_status":"closed","sticky":false,"template":"","format":"standard","meta":[],"categories":[76],"tags":[],"_links":{"self":[{"href":"https:\/\/procjenitelji.me\/tr\/wp-json\/wp\/v2\/posts\/7173"}],"collection":[{"href":"https:\/\/procjenitelji.me\/tr\/wp-json\/wp\/v2\/posts"}],"about":[{"href":"https:\/\/procjenitelji.me\/tr\/wp-json\/wp\/v2\/types\/post"}],"author":[{"embeddable":true,"href":"https:\/\/procjenitelji.me\/tr\/wp-json\/wp\/v2\/users\/7"}],"replies":[{"embeddable":true,"href":"https:\/\/procjenitelji.me\/tr\/wp-json\/wp\/v2\/comments?post=7173"}],"version-history":[{"count":4,"href":"https:\/\/procjenitelji.me\/tr\/wp-json\/wp\/v2\/posts\/7173\/revisions"}],"predecessor-version":[{"id":7925,"href":"https:\/\/procjenitelji.me\/tr\/wp-json\/wp\/v2\/posts\/7173\/revisions\/7925"}],"wp:featuredmedia":[{"embeddable":true,"href":"https:\/\/procjenitelji.me\/tr\/wp-json\/wp\/v2\/media\/7016"}],"wp:attachment":[{"href":"https:\/\/procjenitelji.me\/tr\/wp-json\/wp\/v2\/media?parent=7173"}],"wp:term":[{"taxonomy":"category","embeddable":true,"href":"https:\/\/procjenitelji.me\/tr\/wp-json\/wp\/v2\/categories?post=7173"},{"taxonomy":"post_tag","embeddable":true,"href":"https:\/\/procjenitelji.me\/tr\/wp-json\/wp\/v2\/tags?post=7173"}],"curies":[{"name":"wp","href":"https:\/\/api.w.org\/{rel}","templated":true}]}}